{"id":8277,"date":"2020-10-19T19:34:16","date_gmt":"2020-10-19T19:34:16","guid":{"rendered":"http:\/\/cucsj.org\/?p=8277"},"modified":"2020-10-19T19:34:16","modified_gmt":"2020-10-19T19:34:16","slug":"highlighting-environmental-justice-for-sustainability-month","status":"publish","type":"post","link":"https:\/\/cucsj.org\/vi\/2020\/10\/19\/highlighting-environmental-justice-for-sustainability-month\/","title":{"rendered":"N\u00eau b\u1eadt C\u00f4ng l\u00fd M\u00f4i tr\u01b0\u1eddng cho Th\u00e1ng Ph\u00e1t tri\u1ec3n B\u1ec1n v\u1eefng"},"content":{"rendered":"<p>Social justice lies at the heart of all our projects, dedicating about one third of our projects on environmental justice. We view environmental education as environmental justice, a positive right for students in our service area to have access and exposure to great learning opportunities and get inspired to be a part of the new green economy. Since summer of 2019, CommUniverCity has been working with colleagues at 10 Northern California universities to discuss and share best practices on environmental justice teaching and research.&nbsp;<br><\/p>\n\n\n\n<p>In the winter of 2019, CommUniverCity hosted a meeting of the core planning committee with over 25 students, staff, and faculty representatives. As lockdowns started to be implemented, we shifted gears to go remote. In April 2020, SJSU Environmental Studies Assistant Professor Carolina Prado led an online session attended by more than 50 members that highlighted what network partners could do to support the work of the Amah Mutsun Tribal Bands\u2019 efforts to prevent proposed mining activities in Juristac, local land considered sacred by the tribe. With the support of tribal leader Valentin Lopez, several participating faculty members incorporated petition signing and letter writing into their spring classes and connected interested students to internship opportunities as a result of our initial collaboration.&nbsp;<br><\/p>\n\n\n\n<figure class=\"wp-block-image size-large\"><img data-recalc-dims=\"1\" fetchpriority=\"high\" decoding=\"async\" width=\"1280\" height=\"720\" data-attachment-id=\"8280\" data-permalink=\"https:\/\/cucsj.org\/vi\/2020\/10\/19\/highlighting-environmental-justice-for-sustainability-month\/norcal-ej-network-october-2020-workshop\/\" data-orig-file=\"https:\/\/i0.wp.com\/cucsj.org\/wp-content\/uploads\/2022\/02\/2bcf1-norcal-ej-network-october-2020-workshop.png?fit=1280%2C720&amp;ssl=1\" data-orig-size=\"1280,720\" data-comments-opened=\"1\" data-image-meta=\"{&quot;aperture&quot;:&quot;0&quot;,&quot;credit&quot;:&quot;&quot;,&quot;camera&quot;:&quot;&quot;,&quot;caption&quot;:&quot;&quot;,&quot;created_timestamp&quot;:&quot;0&quot;,&quot;copyright&quot;:&quot;&quot;,&quot;focal_length&quot;:&quot;0&quot;,&quot;iso&quot;:&quot;0&quot;,&quot;shutter_speed&quot;:&quot;0&quot;,&quot;title&quot;:&quot;&quot;,&quot;orientation&quot;:&quot;0&quot;}\" data-image-title=\"NorCal-EJ-Network-October-2020-Workshop\" data-image-description=\"\" data-image-caption=\"\" data-large-file=\"https:\/\/i0.wp.com\/cucsj.org\/wp-content\/uploads\/2022\/02\/2bcf1-norcal-ej-network-october-2020-workshop.png?fit=1024%2C576&amp;ssl=1\" src=\"https:\/\/i0.wp.com\/cucsj.org\/wp-content\/uploads\/2022\/02\/2bcf1-norcal-ej-network-october-2020-workshop.png?resize=1280%2C720&#038;ssl=1\" alt=\"\" class=\"wp-image-8280\" \/><\/figure>\n\n\n\n<p>On October 9, 2020, executive director Katherine Cushing, community director Imelda Rodriguez, and Michael Gonzales from the City of San Jos\u00e9 let a virtual workshop that went over our network\u2019s multi-sector funding models. The Northern California Environmental Justice Network wouldn\u2019t be possible without financial support from the City of San Jos\u00e9, SJSU, PG&amp;E, Wells Fargo, Cathay Bank, Susan Meyers, and Davide Viera. The current challenges we face are adequately integrating community members into budgets, year-to-year fluctuations in funding, and juggling a variety of funding sources.\u00a0We look forward to continuing our research for a green future together. Happy Sustainability Month! <\/p>","protected":false},"excerpt":{"rendered":"<p>Social justice lies at the heart of all our projects, dedicating about one third of our projects on environmental justice. We view environmental education as environmental justice, a positive right [&hellip;]<\/p>\n","protected":false},"author":217679849,"featured_media":8279,"comment_status":"open","ping_status":"open","sticky":false,"template":"","format":"standard","meta":{"site-sidebar-layout":"default","site-content-layout":"","ast-site-content-layout":"","site-content-style":"default","site-sidebar-style":"default","ast-global-header-display":"","ast-banner-title-visibility":"","ast-main-header-display":"","ast-hfb-above-header-display":"","ast-hfb-below-header-display":"","ast-hfb-mobile-header-display":"","site-post-title":"","ast-breadcrumbs-content":"","ast-featured-img":"","footer-sml-layout":"","theme-transparent-header-meta":"","adv-header-id-meta":"","stick-header-meta":"","header-above-stick-meta":"","header-main-stick-meta":"","header-below-stick-meta":"","astra-migrate-meta-layouts":"default","ast-page-background-enabled":"default","ast-page-background-meta":{"desktop":{"background-color":"var(--ast-global-color-4)","background-image":"","background-repeat":"repeat","background-position":"center center","background-size":"auto","background-attachment":"scroll","background-type":"","background-media":"","overlay-type":"","overlay-color":"","overlay-opacity":"","overlay-gradient":""},"tablet":{"background-color":"","background-image":"","background-repeat":"repeat","background-position":"center center","background-size":"auto","background-attachment":"scroll","background-type":"","background-media":"","overlay-type":"","overlay-color":"","overlay-opacity":"","overlay-gradient":""},"mobile":{"background-color":"","background-image":"","background-repeat":"repeat","background-position":"center center","background-size":"auto","background-attachment":"scroll","background-type":"","background-media":"","overlay-type":"","overlay-color":"","overlay-opacity":"","overlay-gradient":""}},"ast-content-background-meta":{"desktop":{"background-color":"var(--ast-global-color-5)","background-image":"","background-repeat":"repeat","background-position":"center center","background-size":"auto","background-attachment":"scroll","background-type":"","background-media":"","overlay-type":"","overlay-color":"","overlay-opacity":"","overlay-gradient":""},"tablet":{"background-color":"var(--ast-global-color-5)","background-image":"","background-repeat":"repeat","background-position":"center center","background-size":"auto","background-attachment":"scroll","background-type":"","background-media":"","overlay-type":"","overlay-color":"","overlay-opacity":"","overlay-gradient":""},"mobile":{"background-color":"var(--ast-global-color-5)","background-image":"","background-repeat":"repeat","background-position":"center center","background-size":"auto","background-attachment":"scroll","background-type":"","background-media":"","overlay-type":"","overlay-color":"","overlay-opacity":"","overlay-gradient":""}},"advanced_seo_description":"","jetpack_seo_html_title":"","jetpack_seo_noindex":false,"_jetpack_newsletter_access":"","_jetpack_dont_email_post_to_subs":false,"_jetpack_newsletter_tier_id":0,"_jetpack_memberships_contains_paywalled_content":false,"_jetpack_memberships_contains_paid_content":false,"footnotes":"","jetpack_publicize_message":"","jetpack_publicize_feature_enabled":true,"jetpack_social_post_already_shared":false,"jetpack_social_options":{"image_generator_settings":{"template":"highway","default_image_id":0,"font":"","enabled":false},"version":2},"_wpas_customize_per_network":false,"jetpack_post_was_ever_published":false,"_links_to":"","_links_to_target":""},"categories":[103],"tags":[182152,6877],"class_list":["post-8277","post","type-post","status-publish","format-standard","has-post-thumbnail","hentry","category-news","tag-environmental-justice","tag-sustainability"],"jetpack_publicize_connections":[],"jetpack_featured_media_url":"https:\/\/i0.wp.com\/cucsj.org\/wp-content\/uploads\/2022\/02\/e828b-norcal-ej.png?fit=613%2C382&ssl=1","jetpack_likes_enabled":true,"jetpack_sharing_enabled":true,"jetpack_shortlink":"https:\/\/wp.me\/pdKLrT-29v","_links":{"self":[{"href":"https:\/\/cucsj.org\/vi\/wp-json\/wp\/v2\/posts\/8277","targetHints":{"allow":["GET"]}}],"collection":[{"href":"https:\/\/cucsj.org\/vi\/wp-json\/wp\/v2\/posts"}],"about":[{"href":"https:\/\/cucsj.org\/vi\/wp-json\/wp\/v2\/types\/post"}],"author":[{"embeddable":true,"href":"https:\/\/cucsj.org\/vi\/wp-json\/wp\/v2\/users\/217679849"}],"replies":[{"embeddable":true,"href":"https:\/\/cucsj.org\/vi\/wp-json\/wp\/v2\/comments?post=8277"}],"version-history":[{"count":0,"href":"https:\/\/cucsj.org\/vi\/wp-json\/wp\/v2\/posts\/8277\/revisions"}],"wp:featuredmedia":[{"embeddable":true,"href":"https:\/\/cucsj.org\/vi\/wp-json\/wp\/v2\/media\/8279"}],"wp:attachment":[{"href":"https:\/\/cucsj.org\/vi\/wp-json\/wp\/v2\/media?parent=8277"}],"wp:term":[{"taxonomy":"category","embeddable":true,"href":"https:\/\/cucsj.org\/vi\/wp-json\/wp\/v2\/categories?post=8277"},{"taxonomy":"post_tag","embeddable":true,"href":"https:\/\/cucsj.org\/vi\/wp-json\/wp\/v2\/tags?post=8277"}],"curies":[{"name":"wp","href":"https:\/\/api.w.org\/{rel}","templated":true}]}}