{"id":6051,"date":"2018-04-23T22:47:04","date_gmt":"2018-04-23T22:47:04","guid":{"rendered":"http:\/\/cucsj.org\/?p=6051"},"modified":"2018-04-23T22:47:04","modified_gmt":"2018-04-23T22:47:04","slug":"communivercity-beginnings-cast-strong-foundation","status":"publish","type":"post","link":"https:\/\/cucsj.org\/pt\/2018\/04\/23\/communivercity-beginnings-cast-strong-foundation\/","title":{"rendered":"O in\u00edcio da CommUniverCity lan\u00e7ou uma base s\u00f3lida"},"content":{"rendered":"<h4>Authors: Marisela Castro, Communications Specialist; Katherine Cushing, Executive Director<\/h4>\n<p><span style=\"font-weight:300;\">A hist\u00f3ria come\u00e7a em 2000. H\u00e1 dezoito anos, a Dra. Susan Meyers, Reitora da Faculdade de Educa\u00e7\u00e3o da SJSU, queria tomar medidas diretas sobre a aprendizagem do servi\u00e7o comunit\u00e1rio baseado no local. \u201cNa altura, o sistema da Universidade Estadual da Calif\u00f3rnia estava a promover fortemente a aprendizagem de servi\u00e7o como uma pedagogia, uma nova forma de ensino\u201d, afirmou o Dr. Meyers. Em resposta, a SJSU e os seus campi irm\u00e3os come\u00e7aram a criar novos cursos centrados na combina\u00e7\u00e3o de quest\u00f5es locais com cursos acad\u00e9micos. O Dr. Meyers entendeu que o poder da aprendizagem em servi\u00e7o ia al\u00e9m de promover o envolvimento c\u00edvico nos estudantes universit\u00e1rios. Ela viu o potencial da aprendizagem envolvida na comunidade para fazer muito mais. <\/span><\/p>\n<p><span style=\"font-weight:300;\">Susan began holding workshops for faculty members all over campus, illustrating how academic goals can complement community needs. According to Dr. Meyers, SJSU was considered \u201ca bit of an island\u201d since engagement with the community at the time was very low. One day, after a particularly lively faculty workshop, Susan decided to call the City Manager of San Jose, Del D. Borgsdorf to see if he was interested in formalizing a city-university-community partnership focused on leveraging the power of SJSU faculty and students<\/span><span style=\"font-weight:300;\">.<\/span> <span style=\"font-weight:300;\">Upon receiving Dr. Meyers\u2019 call, Del memorably replied, \u201cI\u2019ve been waiting for this call for 30 years.\u201d Immediately following that conversation, CommUniverCity was born.<\/span><\/p>\n<p><span class=\"embed-youtube\" style=\"text-align:center; display: block;\"><iframe class=\"youtube-player\" width=\"640\" height=\"360\" src=\"https:\/\/www.youtube.com\/embed\/sNHA4wZtTmI?version=3&#038;rel=1&#038;showsearch=0&#038;showinfo=1&#038;iv_load_policy=1&#038;fs=1&#038;hl=pt-PT&#038;autohide=2&#038;start=929&#038;wmode=transparent\" allowfullscreen=\"true\" style=\"border:0;\" sandbox=\"allow-scripts allow-same-origin allow-popups allow-presentation allow-popups-to-escape-sandbox\"><\/iframe><\/span><\/p>\n<p><span style=\"font-weight:300;\">\u201cCommUniverCity\u2019s name sprouted out of the partnership between the community, the city, and the university,\u201d Susan recounts. \u201cOne day I was doodling while talking and taking notes with a colleague of mine, Professor Debbora David, from Health Science and Education. As I kept writing the words over and over again, they visually came together&#8211;C-O-M-M for community, U-N-I-V-E-R for SJSU and C-I-T-Y for San Jose.\u201d A local artist created a playful image connecting SJSU\u2019s Tower Hall, San Jose\u2019s City Hall, and a house, resulting in the organization\u2019s iconic logo.<\/span><\/p>\n<p><img data-recalc-dims=\"1\" fetchpriority=\"high\" decoding=\"async\" data-attachment-id=\"6056\" data-permalink=\"https:\/\/cucsj.org\/pt\/2018\/04\/23\/communivercity-beginnings-cast-strong-foundation\/2017_cuclogo_2-color-1\/\" data-orig-file=\"https:\/\/i0.wp.com\/cucsj.org\/wp-content\/uploads\/2022\/02\/9c770-2017_cuclogo_2-color-1-e1701398772312.png?fit=1487%2C1353&amp;ssl=1\" data-orig-size=\"1487,1353\" data-comments-opened=\"1\" data-image-meta=\"{&quot;aperture&quot;:&quot;0&quot;,&quot;credit&quot;:&quot;&quot;,&quot;camera&quot;:&quot;&quot;,&quot;caption&quot;:&quot;&quot;,&quot;created_timestamp&quot;:&quot;0&quot;,&quot;copyright&quot;:&quot;&quot;,&quot;focal_length&quot;:&quot;0&quot;,&quot;iso&quot;:&quot;0&quot;,&quot;shutter_speed&quot;:&quot;0&quot;,&quot;title&quot;:&quot;&quot;,&quot;orientation&quot;:&quot;0&quot;}\" data-image-title=\"2017_CUClogo_2-Color (1)\" data-image-description=\"\" data-image-caption=\"\" data-large-file=\"https:\/\/i0.wp.com\/cucsj.org\/wp-content\/uploads\/2022\/02\/9c770-2017_cuclogo_2-color-1-e1701398772312.png?fit=1024%2C932&amp;ssl=1\" class=\"size-large wp-image-6056 aligncenter\" src=\"https:\/\/i0.wp.com\/cucsj.org\/wp-content\/uploads\/2022\/02\/9c770-2017_cuclogo_2-color-1.png?resize=790%2C774&#038;ssl=1\" alt=\"\" width=\"790\" height=\"774\" \/><\/p>\n<p><span style=\"font-weight:300;\">Juntos, a equipa de principiantes composta por alguns membros do corpo docente, vereadores e l\u00edderes residentes come\u00e7ou a desenvolver estrat\u00e9gias para identificar as necessidades da comunidade. Os primeiros a adotar inclu\u00edram aulas de planeamento urbano, educa\u00e7\u00e3o e ci\u00eancia pol\u00edtica. Em parceria com os vizinhos de Five Wounds Brookwood Terrace, como Joan Rivas-Cosby, o grupo come\u00e7ou a criar listas das \u201cdez principais\u201d prioridades do bairro com base em investiga\u00e7\u00f5es intensivas de um ano.<\/span><\/p>\n<figure id=\"attachment_6057\" aria-describedby=\"caption-attachment-6057\" style=\"width: 790px\" class=\"wp-caption aligncenter\"><img data-recalc-dims=\"1\" decoding=\"async\" data-attachment-id=\"6057\" data-permalink=\"https:\/\/cucsj.org\/pt\/2018\/04\/23\/communivercity-beginnings-cast-strong-foundation\/fwbt-map\/\" data-orig-file=\"https:\/\/i0.wp.com\/cucsj.org\/wp-content\/uploads\/2022\/02\/f8ef6-fwbt-map.jpg?fit=2550%2C3300&amp;ssl=1\" data-orig-size=\"2550,3300\" data-comments-opened=\"1\" data-image-meta=\"{&quot;aperture&quot;:&quot;0&quot;,&quot;credit&quot;:&quot;&quot;,&quot;camera&quot;:&quot;&quot;,&quot;caption&quot;:&quot;&quot;,&quot;created_timestamp&quot;:&quot;0&quot;,&quot;copyright&quot;:&quot;&quot;,&quot;focal_length&quot;:&quot;0&quot;,&quot;iso&quot;:&quot;0&quot;,&quot;shutter_speed&quot;:&quot;0&quot;,&quot;title&quot;:&quot;&quot;,&quot;orientation&quot;:&quot;0&quot;}\" data-image-title=\"FWBT Map\" data-image-description=\"\" data-image-caption=\"\" data-large-file=\"https:\/\/i0.wp.com\/cucsj.org\/wp-content\/uploads\/2022\/02\/f8ef6-fwbt-map.jpg?fit=791%2C1024&amp;ssl=1\" class=\"wp-image-6057 size-large\" src=\"https:\/\/i0.wp.com\/cucsj.org\/wp-content\/uploads\/2022\/02\/f8ef6-fwbt-map.jpg?resize=790%2C1023&#038;ssl=1\" alt=\"\" width=\"790\" height=\"1023\" \/><figcaption id=\"caption-attachment-6057\" class=\"wp-caption-text\">Map of Five Wounds\/Brookwood Terrace neighborhood.<\/figcaption><\/figure>\n<p><span style=\"font-weight:300;\">One of the effort\u2019s early wins was the City\u2019s adoption of a BART transit village plan created by the coalition. As momentum grew, Dr. Meyers\u2019 outreach extended to recruiting SJSU faculty who had credibility at SJSU and with the local community to \u201chelp <\/span><span style=\"font-weight:300;\">solidify already strong bonds.\u201d <\/span><\/p>\n<p><span style=\"font-weight:300;\">Since its serendipitous beginning, participation in and the accomplishments of the CommUniverCity family have continued to grow. Today, CommUniverCity spearheads 40 community-based projects in underserved Central San Jose neighborhoods every year in concert with 20 academic departments, dozens of City staff and administrators, hundreds of residents, and over 800 SJSU students. Our focus has also expanded to encompass the community-identified priorities of community health and the environment, creating a college-going culture, and neighborhood leadership, with the cumulative value of our work being valued at over $6 million. <\/span><\/p>\n<figure id=\"attachment_6060\" aria-describedby=\"caption-attachment-6060\" style=\"width: 790px\" class=\"wp-caption aligncenter\"><img data-recalc-dims=\"1\" decoding=\"async\" data-attachment-id=\"6060\" data-permalink=\"https:\/\/cucsj.org\/pt\/2018\/04\/23\/communivercity-beginnings-cast-strong-foundation\/collage\/\" data-orig-file=\"https:\/\/i0.wp.com\/cucsj.org\/wp-content\/uploads\/2022\/02\/9c99d-collage.jpg?fit=1024%2C768&amp;ssl=1\" data-orig-size=\"1024,768\" data-comments-opened=\"1\" data-image-meta=\"{&quot;aperture&quot;:&quot;0&quot;,&quot;credit&quot;:&quot;&quot;,&quot;camera&quot;:&quot;&quot;,&quot;caption&quot;:&quot;&quot;,&quot;created_timestamp&quot;:&quot;0&quot;,&quot;copyright&quot;:&quot;&quot;,&quot;focal_length&quot;:&quot;0&quot;,&quot;iso&quot;:&quot;0&quot;,&quot;shutter_speed&quot;:&quot;0&quot;,&quot;title&quot;:&quot;&quot;,&quot;orientation&quot;:&quot;0&quot;}\" data-image-title=\"Collage\" data-image-description=\"\" data-image-caption=\"\" data-large-file=\"https:\/\/i0.wp.com\/cucsj.org\/wp-content\/uploads\/2022\/02\/9c99d-collage.jpg?fit=1024%2C768&amp;ssl=1\" class=\"wp-image-6060 size-large\" src=\"https:\/\/i0.wp.com\/cucsj.org\/wp-content\/uploads\/2022\/02\/9c99d-collage.jpg?resize=790%2C593&#038;ssl=1\" alt=\"\" width=\"790\" height=\"593\" \/><figcaption id=\"caption-attachment-6060\" class=\"wp-caption-text\">Students engaged in projects like Writing Partners, Engineering in Action, Safe &amp; Green Halloween, and Design For All: Fountain Alley.<\/figcaption><\/figure>\n<p><span style=\"font-weight:300;\">As the founding \u201cmother\u201d of CommUniverCity, Susan is proud to see how the collaboration has thrived over the years. \u201cCommUniverCity is now institutionalized within the university and San Jose. That really speaks to how both institutions truly value what CommUniverCity brings to the table.\u201d <\/span><\/p>\n<p><span style=\"font-weight:300;\">Next week, CommUniverCity partners will gather in community to celebrate the fruits of our collective efforts to \u201cbuild great neighborhoods for everyone\u201d over the past 13 years at <\/span><a href=\"https:\/\/www.eventbrite.com\/e\/communivercitys-13th-anniversary-celebration-tickets-43135491416\"><span style=\"font-weight:300;\">Celebrating Partnerships<\/span><\/a><span style=\"font-weight:300;\">. <\/span><\/p>\n<p><img data-recalc-dims=\"1\" loading=\"lazy\" decoding=\"async\" data-attachment-id=\"6059\" data-permalink=\"https:\/\/cucsj.org\/pt\/2018\/04\/23\/communivercity-beginnings-cast-strong-foundation\/celebrating-partnerships-2018\/\" data-orig-file=\"https:\/\/i0.wp.com\/cucsj.org\/wp-content\/uploads\/2022\/02\/fc972-celebrating-partnerships-2018.jpg?fit=550%2C625&amp;ssl=1\" data-orig-size=\"550,625\" data-comments-opened=\"1\" data-image-meta=\"{&quot;aperture&quot;:&quot;0&quot;,&quot;credit&quot;:&quot;&quot;,&quot;camera&quot;:&quot;&quot;,&quot;caption&quot;:&quot;&quot;,&quot;created_timestamp&quot;:&quot;0&quot;,&quot;copyright&quot;:&quot;&quot;,&quot;focal_length&quot;:&quot;0&quot;,&quot;iso&quot;:&quot;0&quot;,&quot;shutter_speed&quot;:&quot;0&quot;,&quot;title&quot;:&quot;&quot;,&quot;orientation&quot;:&quot;1&quot;}\" data-image-title=\"Celebrating Partnerships 2018\" data-image-description=\"\" data-image-caption=\"\" data-large-file=\"https:\/\/i0.wp.com\/cucsj.org\/wp-content\/uploads\/2022\/02\/fc972-celebrating-partnerships-2018.jpg?fit=550%2C625&amp;ssl=1\" class=\"size-full wp-image-6059 aligncenter\" src=\"https:\/\/i0.wp.com\/cucsj.org\/wp-content\/uploads\/2022\/02\/fc972-celebrating-partnerships-2018.jpg?resize=550%2C625&#038;ssl=1\" alt=\"\" width=\"550\" height=\"625\" \/><\/p>","protected":false},"excerpt":{"rendered":"<p>Authors: Marisela Castro, Communications Specialist; Katherine Cushing, Executive Director The story begins in 2000. Eighteen years ago, Dr. Susan Meyers, Dean of SJSU\u2019s College of Education, wanted to take direct [&hellip;]<\/p>\n","protected":false},"author":217679849,"featured_media":6062,"comment_status":"open","ping_status":"open","sticky":false,"template":"","format":"standard","meta":{"site-sidebar-layout":"default","site-content-layout":"","ast-site-content-layout":"","site-content-style":"default","site-sidebar-style":"default","ast-global-header-display":"","ast-banner-title-visibility":"","ast-main-header-display":"","ast-hfb-above-header-display":"","ast-hfb-below-header-display":"","ast-hfb-mobile-header-display":"","site-post-title":"","ast-breadcrumbs-content":"","ast-featured-img":"","footer-sml-layout":"","theme-transparent-header-meta":"","adv-header-id-meta":"","stick-header-meta":"","header-above-stick-meta":"","header-main-stick-meta":"","header-below-stick-meta":"","astra-migrate-meta-layouts":"default","ast-page-background-enabled":"default","ast-page-background-meta":{"desktop":{"background-color":"var(--ast-global-color-4)","background-image":"","background-repeat":"repeat","background-position":"center center","background-size":"auto","background-attachment":"scroll","background-type":"","background-media":"","overlay-type":"","overlay-color":"","overlay-opacity":"","overlay-gradient":""},"tablet":{"background-color":"","background-image":"","background-repeat":"repeat","background-position":"center center","background-size":"auto","background-attachment":"scroll","background-type":"","background-media":"","overlay-type":"","overlay-color":"","overlay-opacity":"","overlay-gradient":""},"mobile":{"background-color":"","background-image":"","background-repeat":"repeat","background-position":"center center","background-size":"auto","background-attachment":"scroll","background-type":"","background-media":"","overlay-type":"","overlay-color":"","overlay-opacity":"","overlay-gradient":""}},"ast-content-background-meta":{"desktop":{"background-color":"var(--ast-global-color-5)","background-image":"","background-repeat":"repeat","background-position":"center center","background-size":"auto","background-attachment":"scroll","background-type":"","background-media":"","overlay-type":"","overlay-color":"","overlay-opacity":"","overlay-gradient":""},"tablet":{"background-color":"var(--ast-global-color-5)","background-image":"","background-repeat":"repeat","background-position":"center center","background-size":"auto","background-attachment":"scroll","background-type":"","background-media":"","overlay-type":"","overlay-color":"","overlay-opacity":"","overlay-gradient":""},"mobile":{"background-color":"var(--ast-global-color-5)","background-image":"","background-repeat":"repeat","background-position":"center center","background-size":"auto","background-attachment":"scroll","background-type":"","background-media":"","overlay-type":"","overlay-color":"","overlay-opacity":"","overlay-gradient":""}},"advanced_seo_description":"","jetpack_seo_html_title":"","jetpack_seo_noindex":false,"_jetpack_newsletter_access":"","_jetpack_dont_email_post_to_subs":false,"_jetpack_newsletter_tier_id":0,"_jetpack_memberships_contains_paywalled_content":false,"_jetpack_memberships_contains_paid_content":false,"footnotes":"","jetpack_publicize_message":"","jetpack_publicize_feature_enabled":true,"jetpack_social_post_already_shared":false,"jetpack_social_options":{"image_generator_settings":{"template":"highway","default_image_id":0,"font":"","enabled":false},"version":2},"_wpas_customize_per_network":false,"jetpack_post_was_ever_published":false,"_links_to":"","_links_to_target":""},"categories":[103],"tags":[281218310,730059042,100519,938167,730059205,170325,2006795,67521,10026720],"class_list":["post-6051","post","type-post","status-publish","format-standard","has-post-thumbnail","hentry","category-news","tag-communivercity","tag-engagelearnbuild","tag-community-building","tag-community-engagement","tag-cucsj","tag-sjsu","tag-sni","tag-social-capital","tag-susan-meyers"],"jetpack_publicize_connections":[],"jetpack_featured_media_url":"https:\/\/i0.wp.com\/cucsj.org\/wp-content\/uploads\/2022\/02\/1574c-featured-image-2.jpg?fit=1920%2C1080&ssl=1","jetpack_likes_enabled":true,"jetpack_sharing_enabled":true,"jetpack_shortlink":"https:\/\/wp.me\/pdKLrT-1zB","_links":{"self":[{"href":"https:\/\/cucsj.org\/pt\/wp-json\/wp\/v2\/posts\/6051","targetHints":{"allow":["GET"]}}],"collection":[{"href":"https:\/\/cucsj.org\/pt\/wp-json\/wp\/v2\/posts"}],"about":[{"href":"https:\/\/cucsj.org\/pt\/wp-json\/wp\/v2\/types\/post"}],"author":[{"embeddable":true,"href":"https:\/\/cucsj.org\/pt\/wp-json\/wp\/v2\/users\/217679849"}],"replies":[{"embeddable":true,"href":"https:\/\/cucsj.org\/pt\/wp-json\/wp\/v2\/comments?post=6051"}],"version-history":[{"count":0,"href":"https:\/\/cucsj.org\/pt\/wp-json\/wp\/v2\/posts\/6051\/revisions"}],"wp:featuredmedia":[{"embeddable":true,"href":"https:\/\/cucsj.org\/pt\/wp-json\/wp\/v2\/media\/6062"}],"wp:attachment":[{"href":"https:\/\/cucsj.org\/pt\/wp-json\/wp\/v2\/media?parent=6051"}],"wp:term":[{"taxonomy":"category","embeddable":true,"href":"https:\/\/cucsj.org\/pt\/wp-json\/wp\/v2\/categories?post=6051"},{"taxonomy":"post_tag","embeddable":true,"href":"https:\/\/cucsj.org\/pt\/wp-json\/wp\/v2\/tags?post=6051"}],"curies":[{"name":"wp","href":"https:\/\/api.w.org\/{rel}","templated":true}]}}